{"id":10280,"date":"2024-07-06T11:47:54","date_gmt":"2024-07-06T11:47:54","guid":{"rendered":"https:\/\/intart.md\/?p=10280"},"modified":"2026-02-04T11:58:29","modified_gmt":"2026-02-04T11:58:29","slug":"future-fit-cities-forum-2025","status":"publish","type":"post","link":"https:\/\/intart.md\/en\/future-fit-cities-forum-2025\/","title":{"rendered":"Visit of the President of the UN General Assembly"},"content":{"rendered":"<div data-elementor-type=\"wp-post\" data-elementor-id=\"10280\" class=\"elementor elementor-10280\" data-elementor-post-type=\"post\">\n\t\t\t\t\t\t<div class=\"elementor-section elementor-top-section elementor-element elementor-element-6e106e57 elementor-section-boxed elementor-section-height-default elementor-section-height-default jnj-transparent-color\" data-id=\"6e106e57\" data-element_type=\"section\" data-e-type=\"section\">\n\t\t\t\t\t\t<div class=\"elementor-container elementor-column-gap-no\">\n\t\t\t\t\t<div class=\"elementor-column elementor-col-100 elementor-top-column elementor-element elementor-element-48785412 jnj-transparent-color\" data-id=\"48785412\" data-element_type=\"column\" data-e-type=\"column\">\n\t\t\t<div class=\"elementor-widget-wrap elementor-element-populated\">\n\t\t\t\t\t\t<div class=\"elementor-element elementor-element-cc77113 elementor-widget elementor-widget-heading\" data-id=\"cc77113\" data-element_type=\"widget\" data-e-type=\"widget\" data-widget_type=\"heading.default\">\n\t\t\t\t\t<h4 class=\"elementor-heading-title elementor-size-default\">Context\n<\/h4>\t\t\t\t<\/div>\n\t\t\t\t<div class=\"elementor-element elementor-element-3f66bbab elementor-widget elementor-widget-text-editor\" data-id=\"3f66bbab\" data-element_type=\"widget\" data-e-type=\"widget\" data-widget_type=\"text-editor.default\">\n\t\t\t\t\t\t\t\t\t<p class=\"translation-block\"><span style=\"font-weight: 400\">On <\/span><b>6\u20137 July 2024<\/b><span style=\"font-weight: 400\">, during the official visit to <\/span><b>the Republic of Moldova<\/b><span style=\"font-weight: 400\"> of the President of the <\/span><b>United Nations General Assembly<\/b><span style=\"font-weight: 400\">, His Excellency <\/span><b>Dennis Francis<\/b><span style=\"font-weight: 400\">, Intart Design provided professional <\/span><b>interpretation<\/b><span style=\"font-weight: 400\"> services for the entire official delegation.<\/span><\/p>\t\t\t\t\t\t\t\t<\/div>\n\t\t\t\t\t<\/div>\n\t\t<\/div>\n\t\t\t\t\t<\/div>\n\t\t<\/div>\n\t\t\t\t<div class=\"elementor-section elementor-top-section elementor-element elementor-element-34bbb121 elementor-section-boxed elementor-section-height-default elementor-section-height-default jnj-transparent-color\" data-id=\"34bbb121\" data-element_type=\"section\" data-e-type=\"section\">\n\t\t\t\t\t\t<div class=\"elementor-container elementor-column-gap-no\">\n\t\t\t\t\t<div class=\"elementor-column elementor-col-100 elementor-top-column elementor-element elementor-element-7fea6f7a jnj-transparent-color\" data-id=\"7fea6f7a\" data-element_type=\"column\" data-e-type=\"column\">\n\t\t\t<div class=\"elementor-widget-wrap elementor-element-populated\">\n\t\t\t\t\t\t<div class=\"elementor-element elementor-element-562e0347 elementor-widget elementor-widget-heading\" data-id=\"562e0347\" data-element_type=\"widget\" data-e-type=\"widget\" data-widget_type=\"heading.default\">\n\t\t\t\t\t<h4 class=\"elementor-heading-title elementor-size-default\">Programme\n<\/h4>\t\t\t\t<\/div>\n\t\t\t\t\t<\/div>\n\t\t<\/div>\n\t\t\t\t\t<\/div>\n\t\t<\/div>\n\t\t\t\t<div class=\"elementor-section elementor-top-section elementor-element elementor-element-75526648 elementor-section-boxed elementor-section-height-default elementor-section-height-default jnj-transparent-color\" data-id=\"75526648\" data-element_type=\"section\" data-e-type=\"section\">\n\t\t\t\t\t\t<div class=\"elementor-container elementor-column-gap-no\">\n\t\t\t\t\t<div class=\"elementor-column elementor-col-100 elementor-top-column elementor-element elementor-element-1a4fa23f jnj-transparent-color\" data-id=\"1a4fa23f\" data-element_type=\"column\" data-e-type=\"column\">\n\t\t\t<div class=\"elementor-widget-wrap elementor-element-populated\">\n\t\t\t\t\t\t<div class=\"elementor-element elementor-element-6471beb elementor-widget elementor-widget-text-editor\" data-id=\"6471beb\" data-element_type=\"widget\" data-e-type=\"widget\" data-widget_type=\"text-editor.default\">\n\t\t\t\t\t\t\t\t\t<p class=\"translation-block\"><span style=\"font-weight: 400\">The visit programme included <\/span><b>high-level official meetings<\/b><span style=\"font-weight: 400\"> and <\/span><b>visits to key institutions<\/b><span style=\"font-weight: 400\">, conducted within the framework of a regional dialogue on <\/span><b>peace, security, and international cooperation<\/b><span style=\"font-weight: 400\">, where effective communication played a vital role.<\/span><\/p><p>\u00a0<\/p>\t\t\t\t\t\t\t\t<\/div>\n\t\t\t\t<div class=\"elementor-element elementor-element-03d8353 elementor-widget elementor-widget-heading\" data-id=\"03d8353\" data-element_type=\"widget\" data-e-type=\"widget\" data-widget_type=\"heading.default\">\n\t\t\t\t\t<h6 class=\"elementor-heading-title elementor-size-default\">Intart Design Contribution\n<\/h6>\t\t\t\t<\/div>\n\t\t\t\t<div class=\"elementor-element elementor-element-ad7e0e7 elementor-widget elementor-widget-text-editor\" data-id=\"ad7e0e7\" data-element_type=\"widget\" data-e-type=\"widget\" data-widget_type=\"text-editor.default\">\n\t\t\t\t\t\t\t\t\t<p><span style=\"font-weight: 400;\">Intart Design facilitated clear and coherent dialogue, ensuring accurate communication in sensitive diplomatic and strategically significant contexts.<\/span><\/p><p class=\"translation-block\"><span style=\"font-weight: 400\">We are honoured to contribute to events of such importance for our country and for <\/span><b>strengthening international relations<\/b><span style=\"font-weight: 400\">.<\/span><\/p>\t\t\t\t\t\t\t\t<\/div>\n\t\t\t\t\t<\/div>\n\t\t<\/div>\n\t\t\t\t\t<\/div>\n\t\t<\/div>\n\t\t\t\t<div class=\"elementor-section elementor-top-section elementor-element elementor-element-39071295 elementor-section-boxed elementor-section-height-default elementor-section-height-default jnj-transparent-color\" data-id=\"39071295\" data-element_type=\"section\" data-e-type=\"section\">\n\t\t\t\t\t\t<div class=\"elementor-container elementor-column-gap-no\">\n\t\t\t\t\t<div class=\"elementor-column elementor-col-100 elementor-top-column elementor-element elementor-element-22badc98 jnj-transparent-color\" data-id=\"22badc98\" data-element_type=\"column\" data-e-type=\"column\">\n\t\t\t<div class=\"elementor-widget-wrap elementor-element-populated\">\n\t\t\t\t\t\t<div class=\"elementor-element elementor-element-ad78a12 elementor-widget elementor-widget-image-gallery\" data-id=\"ad78a12\" data-element_type=\"widget\" data-e-type=\"widget\" data-widget_type=\"image-gallery.default\">\n\t\t\t\t\t\t\t<div class=\"elementor-image-gallery\">\n\t\t\t\n<a data-elementor-open-lightbox=\"yes\" data-elementor-lightbox-slideshow=\"ad78a12\" data-elementor-lightbox-title=\"viber_image_2026-02-03_16-50-47-092\" data-e-action-hash=\"#elementor-action%3Aaction%3Dlightbox%26settings%3DeyJpZCI6MTAyODUsInVybCI6Imh0dHBzOlwvXC9pbnRhcnQubWRcL3dwLWNvbnRlbnRcL3VwbG9hZHNcLzIwMjZcLzAyXC92aWJlcl9pbWFnZV8yMDI2LTAyLTAzXzE2LTUwLTQ3LTA5Mi5qcGciLCJzbGlkZXNob3ciOiJhZDc4YTEyIn0%3D\" href='https:\/\/intart.md\/wp-content\/uploads\/2026\/02\/viber_image_2026-02-03_16-50-47-092.jpg'><img decoding=\"async\" width=\"150\" height=\"150\" src=\"https:\/\/intart.md\/wp-content\/uploads\/2026\/02\/viber_image_2026-02-03_16-50-47-092-150x150.jpg\" class=\"attachment-thumbnail size-thumbnail\" alt=\"\" srcset=\"https:\/\/intart.md\/wp-content\/uploads\/2026\/02\/viber_image_2026-02-03_16-50-47-092-150x150.jpg 150w, https:\/\/intart.md\/wp-content\/uploads\/2026\/02\/viber_image_2026-02-03_16-50-47-092-100x100.jpg 100w\" sizes=\"(max-width: 150px) 100vw, 150px\" \/><\/a>\n<a data-elementor-open-lightbox=\"yes\" data-elementor-lightbox-slideshow=\"ad78a12\" data-elementor-lightbox-title=\"viber_image_2026-02-03_16-50-48-346\" data-e-action-hash=\"#elementor-action%3Aaction%3Dlightbox%26settings%3DeyJpZCI6MTAyODYsInVybCI6Imh0dHBzOlwvXC9pbnRhcnQubWRcL3dwLWNvbnRlbnRcL3VwbG9hZHNcLzIwMjZcLzAyXC92aWJlcl9pbWFnZV8yMDI2LTAyLTAzXzE2LTUwLTQ4LTM0Ni5qcGciLCJzbGlkZXNob3ciOiJhZDc4YTEyIn0%3D\" href='https:\/\/intart.md\/wp-content\/uploads\/2026\/02\/viber_image_2026-02-03_16-50-48-346.jpg'><img decoding=\"async\" width=\"150\" height=\"150\" src=\"https:\/\/intart.md\/wp-content\/uploads\/2026\/02\/viber_image_2026-02-03_16-50-48-346-150x150.jpg\" class=\"attachment-thumbnail size-thumbnail\" alt=\"\" srcset=\"https:\/\/intart.md\/wp-content\/uploads\/2026\/02\/viber_image_2026-02-03_16-50-48-346-150x150.jpg 150w, https:\/\/intart.md\/wp-content\/uploads\/2026\/02\/viber_image_2026-02-03_16-50-48-346-100x100.jpg 100w\" sizes=\"(max-width: 150px) 100vw, 150px\" \/><\/a>\n<a data-elementor-open-lightbox=\"yes\" data-elementor-lightbox-slideshow=\"ad78a12\" data-elementor-lightbox-title=\"viber_image_2026-02-03_16-50-49-890\" data-e-action-hash=\"#elementor-action%3Aaction%3Dlightbox%26settings%3DeyJpZCI6MTAyODcsInVybCI6Imh0dHBzOlwvXC9pbnRhcnQubWRcL3dwLWNvbnRlbnRcL3VwbG9hZHNcLzIwMjZcLzAyXC92aWJlcl9pbWFnZV8yMDI2LTAyLTAzXzE2LTUwLTQ5LTg5MC5qcGciLCJzbGlkZXNob3ciOiJhZDc4YTEyIn0%3D\" href='https:\/\/intart.md\/wp-content\/uploads\/2026\/02\/viber_image_2026-02-03_16-50-49-890.jpg'><img decoding=\"async\" width=\"150\" height=\"150\" src=\"https:\/\/intart.md\/wp-content\/uploads\/2026\/02\/viber_image_2026-02-03_16-50-49-890-150x150.jpg\" class=\"attachment-thumbnail size-thumbnail\" alt=\"\" srcset=\"https:\/\/intart.md\/wp-content\/uploads\/2026\/02\/viber_image_2026-02-03_16-50-49-890-150x150.jpg 150w, https:\/\/intart.md\/wp-content\/uploads\/2026\/02\/viber_image_2026-02-03_16-50-49-890-100x100.jpg 100w\" sizes=\"(max-width: 150px) 100vw, 150px\" \/><\/a>\n<a data-elementor-open-lightbox=\"yes\" data-elementor-lightbox-slideshow=\"ad78a12\" data-elementor-lightbox-title=\"viber_image_2026-02-03_16-50-50-713\" data-e-action-hash=\"#elementor-action%3Aaction%3Dlightbox%26settings%3DeyJpZCI6MTAyODgsInVybCI6Imh0dHBzOlwvXC9pbnRhcnQubWRcL3dwLWNvbnRlbnRcL3VwbG9hZHNcLzIwMjZcLzAyXC92aWJlcl9pbWFnZV8yMDI2LTAyLTAzXzE2LTUwLTUwLTcxMy5qcGciLCJzbGlkZXNob3ciOiJhZDc4YTEyIn0%3D\" href='https:\/\/intart.md\/wp-content\/uploads\/2026\/02\/viber_image_2026-02-03_16-50-50-713.jpg'><img loading=\"lazy\" decoding=\"async\" width=\"150\" height=\"150\" src=\"https:\/\/intart.md\/wp-content\/uploads\/2026\/02\/viber_image_2026-02-03_16-50-50-713-150x150.jpg\" class=\"attachment-thumbnail size-thumbnail\" alt=\"\" srcset=\"https:\/\/intart.md\/wp-content\/uploads\/2026\/02\/viber_image_2026-02-03_16-50-50-713-150x150.jpg 150w, https:\/\/intart.md\/wp-content\/uploads\/2026\/02\/viber_image_2026-02-03_16-50-50-713-100x100.jpg 100w\" sizes=\"(max-width: 150px) 100vw, 150px\" \/><\/a>\n\t\t<\/div>\n\t\t\t\t\t\t<\/div>\n\t\t\t\t\t<\/div>\n\t\t<\/div>\n\t\t\t\t\t<\/div>\n\t\t<\/div>\n\t\t\t\t<\/div>","protected":false},"excerpt":{"rendered":"<p>\u00cen perioada 6\u20137 iulie 2024, Intart Design a asigurat interpretarea profesional\u0103 pentru vizita oficial\u0103 a Pre\u0219edintelui Adun\u0103rii Generale a ONU \u00een Republica Moldova, facilit\u00e2nd o comunicare multilingv\u0103 clar\u0103 \u0219i eficient\u0103.<\/p>","protected":false},"author":1,"featured_media":10292,"comment_status":"open","ping_status":"open","sticky":false,"template":"","format":"standard","meta":{"_acf_changed":false,"footnotes":""},"categories":[27],"tags":[30,28,29],"class_list":["post-10280","post","type-post","status-publish","format-standard","has-post-thumbnail","hentry","category-evenimente","tag-eveniment","tag-forum","tag-proiecte"],"acf":[],"yoast_head":"<!-- This site is optimized with the Yoast SEO Premium plugin v26.8 (Yoast SEO v27.4) - https:\/\/yoast.com\/product\/yoast-seo-premium-wordpress\/ -->\n<title>Vizita Pre\u0219edintelui Adun\u0103rii Generale a ONU - Intart Design<\/title>\n<meta name=\"robots\" content=\"index, follow, max-snippet:-1, max-image-preview:large, max-video-preview:-1\" \/>\n<link rel=\"canonical\" href=\"https:\/\/intart.md\/en\/future-fit-cities-forum-2025\/\" \/>\n<meta property=\"og:locale\" content=\"en_GB\" \/>\n<meta property=\"og:type\" content=\"article\" \/>\n<meta property=\"og:title\" content=\"Vizita Pre\u0219edintelui Adun\u0103rii Generale a ONU\" \/>\n<meta property=\"og:description\" content=\"\u00cen perioada 6\u20137 iulie 2024, Intart Design a asigurat interpretarea profesional\u0103 pentru vizita oficial\u0103 a Pre\u0219edintelui Adun\u0103rii Generale a ONU \u00een Republica Moldova, facilit\u00e2nd o comunicare multilingv\u0103 clar\u0103 \u0219i eficient\u0103.\" \/>\n<meta property=\"og:url\" content=\"https:\/\/intart.md\/en\/future-fit-cities-forum-2025\/\" \/>\n<meta property=\"og:site_name\" content=\"Intart Design\" \/>\n<meta property=\"article:publisher\" content=\"https:\/\/www.facebook.com\/IntartTanslations\/\" \/>\n<meta property=\"article:published_time\" content=\"2024-07-06T11:47:54+00:00\" \/>\n<meta property=\"article:modified_time\" content=\"2026-02-04T11:58:29+00:00\" \/>\n<meta property=\"og:image\" content=\"https:\/\/intart.md\/wp-content\/uploads\/2024\/07\/Vizita.webp\" \/>\n\t<meta property=\"og:image:width\" content=\"2560\" \/>\n\t<meta property=\"og:image:height\" content=\"2405\" \/>\n\t<meta property=\"og:image:type\" content=\"image\/webp\" \/>\n<meta name=\"author\" content=\"intartdesignsrl@gmail.com\" \/>\n<meta name=\"twitter:card\" content=\"summary_large_image\" \/>\n<meta name=\"twitter:label1\" content=\"Written by\" \/>\n\t<meta name=\"twitter:data1\" content=\"intartdesignsrl@gmail.com\" \/>\n\t<meta name=\"twitter:label2\" content=\"Estimated reading time\" \/>\n\t<meta name=\"twitter:data2\" content=\"2 minutes\" \/>\n<script type=\"application\/ld+json\" class=\"yoast-schema-graph\">{\"@context\":\"https:\\\/\\\/schema.org\",\"@graph\":[{\"@type\":\"Article\",\"@id\":\"https:\\\/\\\/intart.md\\\/future-fit-cities-forum-2025\\\/#article\",\"isPartOf\":{\"@id\":\"https:\\\/\\\/intart.md\\\/future-fit-cities-forum-2025\\\/\"},\"author\":{\"name\":\"intartdesignsrl@gmail.com\",\"@id\":\"https:\\\/\\\/intart.md\\\/#\\\/schema\\\/person\\\/4e50e44bd5af4b0a9f284d869223f6a1\"},\"headline\":\"Vizita Pre\u0219edintelui Adun\u0103rii Generale a ONU\",\"datePublished\":\"2024-07-06T11:47:54+00:00\",\"dateModified\":\"2026-02-04T11:58:29+00:00\",\"mainEntityOfPage\":{\"@id\":\"https:\\\/\\\/intart.md\\\/future-fit-cities-forum-2025\\\/\"},\"wordCount\":160,\"commentCount\":0,\"publisher\":{\"@id\":\"https:\\\/\\\/intart.md\\\/#organization\"},\"image\":{\"@id\":\"https:\\\/\\\/intart.md\\\/future-fit-cities-forum-2025\\\/#primaryimage\"},\"thumbnailUrl\":\"https:\\\/\\\/intart.md\\\/wp-content\\\/uploads\\\/2024\\\/07\\\/Vizita.webp\",\"keywords\":[\"Eveniment\",\"Forum\",\"Proiecte\"],\"articleSection\":[\"Evenimente\"],\"inLanguage\":\"en-GB\",\"potentialAction\":[{\"@type\":\"CommentAction\",\"name\":\"Comment\",\"target\":[\"https:\\\/\\\/intart.md\\\/future-fit-cities-forum-2025\\\/#respond\"]}]},{\"@type\":\"WebPage\",\"@id\":\"https:\\\/\\\/intart.md\\\/future-fit-cities-forum-2025\\\/\",\"url\":\"https:\\\/\\\/intart.md\\\/future-fit-cities-forum-2025\\\/\",\"name\":\"Vizita Pre\u0219edintelui Adun\u0103rii Generale a ONU - Intart Design\",\"isPartOf\":{\"@id\":\"https:\\\/\\\/intart.md\\\/#website\"},\"primaryImageOfPage\":{\"@id\":\"https:\\\/\\\/intart.md\\\/future-fit-cities-forum-2025\\\/#primaryimage\"},\"image\":{\"@id\":\"https:\\\/\\\/intart.md\\\/future-fit-cities-forum-2025\\\/#primaryimage\"},\"thumbnailUrl\":\"https:\\\/\\\/intart.md\\\/wp-content\\\/uploads\\\/2024\\\/07\\\/Vizita.webp\",\"datePublished\":\"2024-07-06T11:47:54+00:00\",\"dateModified\":\"2026-02-04T11:58:29+00:00\",\"breadcrumb\":{\"@id\":\"https:\\\/\\\/intart.md\\\/future-fit-cities-forum-2025\\\/#breadcrumb\"},\"inLanguage\":\"en-GB\",\"potentialAction\":[{\"@type\":\"ReadAction\",\"target\":[\"https:\\\/\\\/intart.md\\\/future-fit-cities-forum-2025\\\/\"]}]},{\"@type\":\"ImageObject\",\"inLanguage\":\"en-GB\",\"@id\":\"https:\\\/\\\/intart.md\\\/future-fit-cities-forum-2025\\\/#primaryimage\",\"url\":\"https:\\\/\\\/intart.md\\\/wp-content\\\/uploads\\\/2024\\\/07\\\/Vizita.webp\",\"contentUrl\":\"https:\\\/\\\/intart.md\\\/wp-content\\\/uploads\\\/2024\\\/07\\\/Vizita.webp\",\"width\":2560,\"height\":2405},{\"@type\":\"BreadcrumbList\",\"@id\":\"https:\\\/\\\/intart.md\\\/future-fit-cities-forum-2025\\\/#breadcrumb\",\"itemListElement\":[{\"@type\":\"ListItem\",\"position\":1,\"name\":\"Home\",\"item\":\"https:\\\/\\\/intart.md\\\/\"},{\"@type\":\"ListItem\",\"position\":2,\"name\":\"Vizita Pre\u0219edintelui Adun\u0103rii Generale a ONU\"}]},{\"@type\":\"WebSite\",\"@id\":\"https:\\\/\\\/intart.md\\\/#website\",\"url\":\"https:\\\/\\\/intart.md\\\/\",\"name\":\"Intart Design\",\"description\":\"\",\"publisher\":{\"@id\":\"https:\\\/\\\/intart.md\\\/#organization\"},\"potentialAction\":[{\"@type\":\"SearchAction\",\"target\":{\"@type\":\"EntryPoint\",\"urlTemplate\":\"https:\\\/\\\/intart.md\\\/?s={search_term_string}\"},\"query-input\":{\"@type\":\"PropertyValueSpecification\",\"valueRequired\":true,\"valueName\":\"search_term_string\"}}],\"inLanguage\":\"en-GB\"},{\"@type\":\"Organization\",\"@id\":\"https:\\\/\\\/intart.md\\\/#organization\",\"name\":\"Intart Design\",\"url\":\"https:\\\/\\\/intart.md\\\/\",\"logo\":{\"@type\":\"ImageObject\",\"inLanguage\":\"en-GB\",\"@id\":\"https:\\\/\\\/intart.md\\\/#\\\/schema\\\/logo\\\/image\\\/\",\"url\":\"https:\\\/\\\/intart.md\\\/wp-content\\\/uploads\\\/2026\\\/01\\\/cropped-cropped-facebook-equipment-1-scaled-1-2048x341-1.png\",\"contentUrl\":\"https:\\\/\\\/intart.md\\\/wp-content\\\/uploads\\\/2026\\\/01\\\/cropped-cropped-facebook-equipment-1-scaled-1-2048x341-1.png\",\"width\":258,\"height\":250,\"caption\":\"Intart Design\"},\"image\":{\"@id\":\"https:\\\/\\\/intart.md\\\/#\\\/schema\\\/logo\\\/image\\\/\"},\"sameAs\":[\"https:\\\/\\\/www.facebook.com\\\/IntartTanslations\\\/\"]},{\"@type\":\"Person\",\"@id\":\"https:\\\/\\\/intart.md\\\/#\\\/schema\\\/person\\\/4e50e44bd5af4b0a9f284d869223f6a1\",\"name\":\"intartdesignsrl@gmail.com\",\"image\":{\"@type\":\"ImageObject\",\"inLanguage\":\"en-GB\",\"@id\":\"https:\\\/\\\/secure.gravatar.com\\\/avatar\\\/bb5c03bb3635860f56e71e3965cfcc73798d84ebe3cb6406defcf3a69a8b100a?s=96&d=mm&r=g\",\"url\":\"https:\\\/\\\/secure.gravatar.com\\\/avatar\\\/bb5c03bb3635860f56e71e3965cfcc73798d84ebe3cb6406defcf3a69a8b100a?s=96&d=mm&r=g\",\"contentUrl\":\"https:\\\/\\\/secure.gravatar.com\\\/avatar\\\/bb5c03bb3635860f56e71e3965cfcc73798d84ebe3cb6406defcf3a69a8b100a?s=96&d=mm&r=g\",\"caption\":\"intartdesignsrl@gmail.com\"},\"sameAs\":[\"https:\\\/\\\/intart.md\"],\"url\":\"https:\\\/\\\/intart.md\\\/en\\\/author\\\/intartdesignsrlgmail-com\\\/\"}]}<\/script>\n<!-- \/ Yoast SEO Premium plugin. -->","yoast_head_json":{"title":"Vizita Pre\u0219edintelui Adun\u0103rii Generale a ONU - Intart Design","robots":{"index":"index","follow":"follow","max-snippet":"max-snippet:-1","max-image-preview":"max-image-preview:large","max-video-preview":"max-video-preview:-1"},"canonical":"https:\/\/intart.md\/en\/future-fit-cities-forum-2025\/","og_locale":"en_GB","og_type":"article","og_title":"Vizita Pre\u0219edintelui Adun\u0103rii Generale a ONU","og_description":"\u00cen perioada 6\u20137 iulie 2024, Intart Design a asigurat interpretarea profesional\u0103 pentru vizita oficial\u0103 a Pre\u0219edintelui Adun\u0103rii Generale a ONU \u00een Republica Moldova, facilit\u00e2nd o comunicare multilingv\u0103 clar\u0103 \u0219i eficient\u0103.","og_url":"https:\/\/intart.md\/en\/future-fit-cities-forum-2025\/","og_site_name":"Intart Design","article_publisher":"https:\/\/www.facebook.com\/IntartTanslations\/","article_published_time":"2024-07-06T11:47:54+00:00","article_modified_time":"2026-02-04T11:58:29+00:00","og_image":[{"width":2560,"height":2405,"url":"https:\/\/intart.md\/wp-content\/uploads\/2024\/07\/Vizita.webp","type":"image\/webp"}],"author":"intartdesignsrl@gmail.com","twitter_card":"summary_large_image","twitter_misc":{"Written by":"intartdesignsrl@gmail.com","Estimated reading time":"2 minutes"},"schema":{"@context":"https:\/\/schema.org","@graph":[{"@type":"Article","@id":"https:\/\/intart.md\/future-fit-cities-forum-2025\/#article","isPartOf":{"@id":"https:\/\/intart.md\/future-fit-cities-forum-2025\/"},"author":{"name":"intartdesignsrl@gmail.com","@id":"https:\/\/intart.md\/#\/schema\/person\/4e50e44bd5af4b0a9f284d869223f6a1"},"headline":"Vizita Pre\u0219edintelui Adun\u0103rii Generale a ONU","datePublished":"2024-07-06T11:47:54+00:00","dateModified":"2026-02-04T11:58:29+00:00","mainEntityOfPage":{"@id":"https:\/\/intart.md\/future-fit-cities-forum-2025\/"},"wordCount":160,"commentCount":0,"publisher":{"@id":"https:\/\/intart.md\/#organization"},"image":{"@id":"https:\/\/intart.md\/future-fit-cities-forum-2025\/#primaryimage"},"thumbnailUrl":"https:\/\/intart.md\/wp-content\/uploads\/2024\/07\/Vizita.webp","keywords":["Eveniment","Forum","Proiecte"],"articleSection":["Evenimente"],"inLanguage":"en-GB","potentialAction":[{"@type":"CommentAction","name":"Comment","target":["https:\/\/intart.md\/future-fit-cities-forum-2025\/#respond"]}]},{"@type":"WebPage","@id":"https:\/\/intart.md\/future-fit-cities-forum-2025\/","url":"https:\/\/intart.md\/future-fit-cities-forum-2025\/","name":"Vizita Pre\u0219edintelui Adun\u0103rii Generale a ONU - Intart Design","isPartOf":{"@id":"https:\/\/intart.md\/#website"},"primaryImageOfPage":{"@id":"https:\/\/intart.md\/future-fit-cities-forum-2025\/#primaryimage"},"image":{"@id":"https:\/\/intart.md\/future-fit-cities-forum-2025\/#primaryimage"},"thumbnailUrl":"https:\/\/intart.md\/wp-content\/uploads\/2024\/07\/Vizita.webp","datePublished":"2024-07-06T11:47:54+00:00","dateModified":"2026-02-04T11:58:29+00:00","breadcrumb":{"@id":"https:\/\/intart.md\/future-fit-cities-forum-2025\/#breadcrumb"},"inLanguage":"en-GB","potentialAction":[{"@type":"ReadAction","target":["https:\/\/intart.md\/future-fit-cities-forum-2025\/"]}]},{"@type":"ImageObject","inLanguage":"en-GB","@id":"https:\/\/intart.md\/future-fit-cities-forum-2025\/#primaryimage","url":"https:\/\/intart.md\/wp-content\/uploads\/2024\/07\/Vizita.webp","contentUrl":"https:\/\/intart.md\/wp-content\/uploads\/2024\/07\/Vizita.webp","width":2560,"height":2405},{"@type":"BreadcrumbList","@id":"https:\/\/intart.md\/future-fit-cities-forum-2025\/#breadcrumb","itemListElement":[{"@type":"ListItem","position":1,"name":"Home","item":"https:\/\/intart.md\/"},{"@type":"ListItem","position":2,"name":"Vizita Pre\u0219edintelui Adun\u0103rii Generale a ONU"}]},{"@type":"WebSite","@id":"https:\/\/intart.md\/#website","url":"https:\/\/intart.md\/","name":"Intart Design","description":"","publisher":{"@id":"https:\/\/intart.md\/#organization"},"potentialAction":[{"@type":"SearchAction","target":{"@type":"EntryPoint","urlTemplate":"https:\/\/intart.md\/?s={search_term_string}"},"query-input":{"@type":"PropertyValueSpecification","valueRequired":true,"valueName":"search_term_string"}}],"inLanguage":"en-GB"},{"@type":"Organization","@id":"https:\/\/intart.md\/#organization","name":"Intart Design","url":"https:\/\/intart.md\/","logo":{"@type":"ImageObject","inLanguage":"en-GB","@id":"https:\/\/intart.md\/#\/schema\/logo\/image\/","url":"https:\/\/intart.md\/wp-content\/uploads\/2026\/01\/cropped-cropped-facebook-equipment-1-scaled-1-2048x341-1.png","contentUrl":"https:\/\/intart.md\/wp-content\/uploads\/2026\/01\/cropped-cropped-facebook-equipment-1-scaled-1-2048x341-1.png","width":258,"height":250,"caption":"Intart Design"},"image":{"@id":"https:\/\/intart.md\/#\/schema\/logo\/image\/"},"sameAs":["https:\/\/www.facebook.com\/IntartTanslations\/"]},{"@type":"Person","@id":"https:\/\/intart.md\/#\/schema\/person\/4e50e44bd5af4b0a9f284d869223f6a1","name":"intartdesignsrl@gmail.com","image":{"@type":"ImageObject","inLanguage":"en-GB","@id":"https:\/\/secure.gravatar.com\/avatar\/bb5c03bb3635860f56e71e3965cfcc73798d84ebe3cb6406defcf3a69a8b100a?s=96&d=mm&r=g","url":"https:\/\/secure.gravatar.com\/avatar\/bb5c03bb3635860f56e71e3965cfcc73798d84ebe3cb6406defcf3a69a8b100a?s=96&d=mm&r=g","contentUrl":"https:\/\/secure.gravatar.com\/avatar\/bb5c03bb3635860f56e71e3965cfcc73798d84ebe3cb6406defcf3a69a8b100a?s=96&d=mm&r=g","caption":"intartdesignsrl@gmail.com"},"sameAs":["https:\/\/intart.md"],"url":"https:\/\/intart.md\/en\/author\/intartdesignsrlgmail-com\/"}]}},"_links":{"self":[{"href":"https:\/\/intart.md\/en\/wp-json\/wp\/v2\/posts\/10280","targetHints":{"allow":["GET"]}}],"collection":[{"href":"https:\/\/intart.md\/en\/wp-json\/wp\/v2\/posts"}],"about":[{"href":"https:\/\/intart.md\/en\/wp-json\/wp\/v2\/types\/post"}],"author":[{"embeddable":true,"href":"https:\/\/intart.md\/en\/wp-json\/wp\/v2\/users\/1"}],"replies":[{"embeddable":true,"href":"https:\/\/intart.md\/en\/wp-json\/wp\/v2\/comments?post=10280"}],"version-history":[{"count":13,"href":"https:\/\/intart.md\/en\/wp-json\/wp\/v2\/posts\/10280\/revisions"}],"predecessor-version":[{"id":10299,"href":"https:\/\/intart.md\/en\/wp-json\/wp\/v2\/posts\/10280\/revisions\/10299"}],"wp:featuredmedia":[{"embeddable":true,"href":"https:\/\/intart.md\/en\/wp-json\/wp\/v2\/media\/10292"}],"wp:attachment":[{"href":"https:\/\/intart.md\/en\/wp-json\/wp\/v2\/media?parent=10280"}],"wp:term":[{"taxonomy":"category","embeddable":true,"href":"https:\/\/intart.md\/en\/wp-json\/wp\/v2\/categories?post=10280"},{"taxonomy":"post_tag","embeddable":true,"href":"https:\/\/intart.md\/en\/wp-json\/wp\/v2\/tags?post=10280"}],"curies":[{"name":"wp","href":"https:\/\/api.w.org\/{rel}","templated":true}]}}