{"id":9420,"date":"2018-10-05T09:00:49","date_gmt":"2018-10-05T09:00:49","guid":{"rendered":"https:\/\/jandjteams.com\/transpro\/?p=1"},"modified":"2026-05-04T13:56:11","modified_gmt":"2026-05-04T13:56:11","slug":"reuniunea-sefilor-de-guverne-guam-2018","status":"publish","type":"post","link":"https:\/\/intart.md\/en\/reuniunea-sefilor-de-guverne-guam-2018\/","title":{"rendered":"2018 GUAM Heads of Government Meeting"},"content":{"rendered":"\t\t<div data-elementor-type=\"wp-post\" data-elementor-id=\"9420\" class=\"elementor elementor-9420\" data-elementor-post-type=\"post\">\n\t\t\t\t\t\t<div class=\"elementor-section elementor-top-section elementor-element elementor-element-5209cd25 elementor-section-boxed elementor-section-height-default elementor-section-height-default jnj-transparent-color\" data-id=\"5209cd25\" data-element_type=\"section\" data-e-type=\"section\">\n\t\t\t\t\t\t<div class=\"elementor-container elementor-column-gap-no\">\n\t\t\t\t\t<div class=\"elementor-column elementor-col-100 elementor-top-column elementor-element elementor-element-7732bc3b jnj-transparent-color\" data-id=\"7732bc3b\" data-element_type=\"column\" data-e-type=\"column\">\n\t\t\t<div class=\"elementor-widget-wrap elementor-element-populated\">\n\t\t\t\t\t\t<div class=\"elementor-element elementor-element-5013f4aa elementor-widget elementor-widget-text-editor\" data-id=\"5013f4aa\" data-element_type=\"widget\" data-e-type=\"widget\" data-widget_type=\"text-editor.default\">\n\t\t\t\t\t\t\t\t\t<p>Intart Design a avut onoarea de a sus\u021bine reuniunea \u0219efilor de guverne ai statelor membre ale <strong><span class=\"hover:entity-accent entity-underline inline cursor-pointer align-baseline\"><span class=\"whitespace-normal\">Organiza\u021bia pentru Democra\u021bie \u0219i Dezvoltare Economic\u0103 \u2013 GUAM<\/span><\/span><\/strong>, eveniment de importan\u021b\u0103 strategic\u0103 desf\u0103\u0219urat \u00een anul 2018 \u0219i g\u0103zduit de Republica Moldova, \u00een contextul exercit\u0103rii Pre\u0219edin\u021biei GUAM.<\/p>\t\t\t\t\t\t\t\t<\/div>\n\t\t\t\t<div class=\"elementor-element elementor-element-7e43702 elementor-widget elementor-widget-text-editor\" data-id=\"7e43702\" data-element_type=\"widget\" data-e-type=\"widget\" data-widget_type=\"text-editor.default\">\n\t\t\t\t\t\t\t\t\t<p>Evenimentul a reunit delega\u021bii guvernamentale de rang \u00eenalt \u0219i a inclus sesiuni oficiale, discu\u021bii plenare \u0219i \u00eent\u00e2lniri bilaterale, axate pe cooperare regional\u0103, dezvoltare economic\u0103 \u0219i consolidarea dialogului politic \u00eentre statele membre.<\/p>\t\t\t\t\t\t\t\t<\/div>\n\t\t\t\t\t<\/div>\n\t\t<\/div>\n\t\t\t\t\t<\/div>\n\t\t<\/div>\n\t\t\t\t<div class=\"elementor-section elementor-top-section elementor-element elementor-element-581e7cb9 elementor-section-boxed elementor-section-height-default elementor-section-height-default jnj-transparent-color\" data-id=\"581e7cb9\" data-element_type=\"section\" data-e-type=\"section\">\n\t\t\t\t\t\t<div class=\"elementor-container elementor-column-gap-no\">\n\t\t\t\t\t<div class=\"elementor-column elementor-col-100 elementor-top-column elementor-element elementor-element-19bfc1e3 jnj-transparent-color\" data-id=\"19bfc1e3\" data-element_type=\"column\" data-e-type=\"column\">\n\t\t\t<div class=\"elementor-widget-wrap elementor-element-populated\">\n\t\t\t\t\t\t<div class=\"elementor-element elementor-element-34eac6c9 elementor-widget elementor-widget-heading\" data-id=\"34eac6c9\" data-element_type=\"widget\" data-e-type=\"widget\" data-widget_type=\"heading.default\">\n\t\t\t\t\t<h4 class=\"elementor-heading-title elementor-size-default\">Servicii asigurate<\/h4>\t\t\t\t<\/div>\n\t\t\t\t\t<\/div>\n\t\t<\/div>\n\t\t\t\t\t<\/div>\n\t\t<\/div>\n\t\t\t\t<div class=\"elementor-section elementor-top-section elementor-element elementor-element-5c72638c elementor-section-boxed elementor-section-height-default elementor-section-height-default jnj-transparent-color\" data-id=\"5c72638c\" data-element_type=\"section\" data-e-type=\"section\">\n\t\t\t\t\t\t<div class=\"elementor-container elementor-column-gap-no\">\n\t\t\t\t\t<div class=\"elementor-column elementor-col-100 elementor-top-column elementor-element elementor-element-52ed2d9b jnj-transparent-color\" data-id=\"52ed2d9b\" data-element_type=\"column\" data-e-type=\"column\">\n\t\t\t<div class=\"elementor-widget-wrap elementor-element-populated\">\n\t\t\t\t\t\t<div class=\"elementor-element elementor-element-6ad85fc9 jnj-blockquote-cite elementor-widget elementor-widget-text-editor\" data-id=\"6ad85fc9\" data-element_type=\"widget\" data-e-type=\"widget\" data-widget_type=\"text-editor.default\">\n\t\t\t\t\t\t\t\t\t<blockquote><ul><li data-start=\"581\" data-end=\"632\"><p data-start=\"583\" data-end=\"632\"><em>Echipamente complete pentru traducere simultan\u0103<\/em><\/p><\/li><li data-start=\"633\" data-end=\"709\"><p data-start=\"635\" data-end=\"709\"><em>Sisteme profesionale de sonorizare adaptate evenimentelor guvernamentale<\/em><\/p><\/li><li data-start=\"710\" data-end=\"789\"><p data-start=\"712\" data-end=\"789\"><em>Echip\u0103 de interpre\u021bi cu experien\u021b\u0103 \u00een conferin\u021be \u0219i reuniuni la nivel \u00eenalt<\/em><\/p><\/li><\/ul><\/blockquote>\t\t\t\t\t\t\t\t<\/div>\n\t\t\t\t\t<\/div>\n\t\t<\/div>\n\t\t\t\t\t<\/div>\n\t\t<\/div>\n\t\t\t\t<div class=\"elementor-section elementor-top-section elementor-element elementor-element-ae2940d elementor-section-boxed elementor-section-height-default elementor-section-height-default jnj-transparent-color\" data-id=\"ae2940d\" data-element_type=\"section\" data-e-type=\"section\">\n\t\t\t\t\t\t<div class=\"elementor-container elementor-column-gap-no\">\n\t\t\t\t\t<div class=\"elementor-column elementor-col-100 elementor-top-column elementor-element elementor-element-325e838a jnj-transparent-color\" data-id=\"325e838a\" data-element_type=\"column\" data-e-type=\"column\">\n\t\t\t<div class=\"elementor-widget-wrap elementor-element-populated\">\n\t\t\t\t\t\t<div class=\"elementor-element elementor-element-fbe9d2 elementor-widget elementor-widget-heading\" data-id=\"fbe9d2\" data-element_type=\"widget\" data-e-type=\"widget\" data-widget_type=\"heading.default\">\n\t\t\t\t\t<h4 class=\"elementor-heading-title elementor-size-default\">Contribu\u021bie \u0219i impact<\/h4>\t\t\t\t<\/div>\n\t\t\t\t<div class=\"elementor-element elementor-element-21b47df4 elementor-widget elementor-widget-text-editor\" data-id=\"21b47df4\" data-element_type=\"widget\" data-e-type=\"widget\" data-widget_type=\"text-editor.default\">\n\t\t\t\t\t\t\t\t\t<p>Prin solu\u021biile tehnice \u0219i lingvistice furnizate, Intart Design a contribuit la desf\u0103\u0219urarea fluent\u0103 \u0219i eficient\u0103 a tuturor sesiunilor oficiale, asigur\u00e2nd o comunicare clar\u0103, precis\u0103 \u0219i profesionist\u0103 \u00eentre delega\u021biile participante. Calitatea interpret\u0103rii \u0219i fiabilitatea echipamentelor au permis un dialog continuu \u0219i coerent, sprijinind obiectivele diplomatice ale reuniunii \u0219i consolid\u00e2nd cooperarea dintre statele membre GUAM.<\/p>\t\t\t\t\t\t\t\t<\/div>\n\t\t\t\t<div class=\"elementor-section elementor-inner-section elementor-element elementor-element-367142fc elementor-section-boxed elementor-section-height-default elementor-section-height-default jnj-transparent-color\" data-id=\"367142fc\" data-element_type=\"section\" data-e-type=\"section\">\n\t\t\t\t\t\t<div class=\"elementor-container elementor-column-gap-no\">\n\t\t\t\t\t<div class=\"elementor-column elementor-col-100 elementor-inner-column elementor-element elementor-element-7b4a30d0 jnj-transparent-color\" data-id=\"7b4a30d0\" data-element_type=\"column\" data-e-type=\"column\">\n\t\t\t<div class=\"elementor-widget-wrap elementor-element-populated\">\n\t\t\t\t\t\t<div class=\"elementor-element elementor-element-7504d02 elementor-widget elementor-widget-gallery\" data-id=\"7504d02\" data-element_type=\"widget\" data-e-type=\"widget\" data-settings=\"{&quot;columns&quot;:3,&quot;lazyload&quot;:&quot;yes&quot;,&quot;gallery_layout&quot;:&quot;grid&quot;,&quot;columns_tablet&quot;:2,&quot;columns_mobile&quot;:1,&quot;gap&quot;:{&quot;unit&quot;:&quot;px&quot;,&quot;size&quot;:10,&quot;sizes&quot;:[]},&quot;gap_tablet&quot;:{&quot;unit&quot;:&quot;px&quot;,&quot;size&quot;:10,&quot;sizes&quot;:[]},&quot;gap_mobile&quot;:{&quot;unit&quot;:&quot;px&quot;,&quot;size&quot;:10,&quot;sizes&quot;:[]},&quot;link_to&quot;:&quot;file&quot;,&quot;aspect_ratio&quot;:&quot;3:2&quot;,&quot;overlay_background&quot;:&quot;yes&quot;,&quot;content_hover_animation&quot;:&quot;fade-in&quot;}\" data-widget_type=\"gallery.default\">\n\t\t\t\t\t\t\t<div class=\"elementor-gallery__container\">\n\t\t\t\t\t\t\t<a class=\"e-gallery-item elementor-gallery-item elementor-animated-content\" href=\"https:\/\/intart.md\/wp-content\/uploads\/2021\/06\/99.webp\" data-elementor-open-lightbox=\"yes\" data-elementor-lightbox-slideshow=\"7504d02\" data-elementor-lightbox-title=\"99\" data-e-action-hash=\"#elementor-action%3Aaction%3Dlightbox%26settings%3DeyJpZCI6OTgwMywidXJsIjoiaHR0cHM6XC9cL2ludGFydC5tZFwvd3AtY29udGVudFwvdXBsb2Fkc1wvMjAyMVwvMDZcLzk5LndlYnAiLCJzbGlkZXNob3ciOiI3NTA0ZDAyIn0%3D\">\n\t\t\t\t\t<div class=\"e-gallery-image elementor-gallery-item__image\" data-thumbnail=\"https:\/\/intart.md\/wp-content\/uploads\/2021\/06\/99-300x225.webp\" data-width=\"300\" data-height=\"225\" aria-label=\"\" role=\"img\" ><\/div>\n\t\t\t\t\t\t\t\t\t\t\t<div class=\"elementor-gallery-item__overlay\"><\/div>\n\t\t\t\t\t\t\t\t\t\t\t\t\t\t<\/a>\n\t\t\t\t\t\t\t<a class=\"e-gallery-item elementor-gallery-item elementor-animated-content\" href=\"https:\/\/intart.md\/wp-content\/uploads\/2021\/06\/98.webp\" data-elementor-open-lightbox=\"yes\" data-elementor-lightbox-slideshow=\"7504d02\" data-elementor-lightbox-title=\"98\" data-e-action-hash=\"#elementor-action%3Aaction%3Dlightbox%26settings%3DeyJpZCI6OTgwNCwidXJsIjoiaHR0cHM6XC9cL2ludGFydC5tZFwvd3AtY29udGVudFwvdXBsb2Fkc1wvMjAyMVwvMDZcLzk4LndlYnAiLCJzbGlkZXNob3ciOiI3NTA0ZDAyIn0%3D\">\n\t\t\t\t\t<div class=\"e-gallery-image elementor-gallery-item__image\" data-thumbnail=\"https:\/\/intart.md\/wp-content\/uploads\/2021\/06\/98-300x225.webp\" data-width=\"300\" data-height=\"225\" aria-label=\"\" role=\"img\" ><\/div>\n\t\t\t\t\t\t\t\t\t\t\t<div class=\"elementor-gallery-item__overlay\"><\/div>\n\t\t\t\t\t\t\t\t\t\t\t\t\t\t<\/a>\n\t\t\t\t\t\t\t<a class=\"e-gallery-item elementor-gallery-item elementor-animated-content\" href=\"https:\/\/intart.md\/wp-content\/uploads\/2021\/06\/97.webp\" data-elementor-open-lightbox=\"yes\" data-elementor-lightbox-slideshow=\"7504d02\" data-elementor-lightbox-title=\"97\" data-e-action-hash=\"#elementor-action%3Aaction%3Dlightbox%26settings%3DeyJpZCI6OTgwNSwidXJsIjoiaHR0cHM6XC9cL2ludGFydC5tZFwvd3AtY29udGVudFwvdXBsb2Fkc1wvMjAyMVwvMDZcLzk3LndlYnAiLCJzbGlkZXNob3ciOiI3NTA0ZDAyIn0%3D\">\n\t\t\t\t\t<div class=\"e-gallery-image elementor-gallery-item__image\" data-thumbnail=\"https:\/\/intart.md\/wp-content\/uploads\/2021\/06\/97-300x169.webp\" data-width=\"300\" data-height=\"169\" aria-label=\"\" role=\"img\" ><\/div>\n\t\t\t\t\t\t\t\t\t\t\t<div class=\"elementor-gallery-item__overlay\"><\/div>\n\t\t\t\t\t\t\t\t\t\t\t\t\t\t<\/a>\n\t\t\t\t\t<\/div>\n\t\t\t\t\t<\/div>\n\t\t\t\t\t<\/div>\n\t\t<\/div>\n\t\t\t\t\t<\/div>\n\t\t<\/div>\n\t\t\t\t<div class=\"elementor-element elementor-element-12ebdab5 elementor-widget elementor-widget-text-editor\" data-id=\"12ebdab5\" data-element_type=\"widget\" data-e-type=\"widget\" data-widget_type=\"text-editor.default\">\n\t\t\t\t\t\t\t\t\t<div class=\"flex flex-col text-sm pb-25\"><article class=\"text-token-text-primary w-full focus:outline-none [--shadow-height:45px] has-data-writing-block:pointer-events-none has-data-writing-block:-mt-(--shadow-height) has-data-writing-block:pt-(--shadow-height) [&amp;:has([data-writing-block])&gt;*]:pointer-events-auto scroll-mt-[calc(var(--header-height)+min(200px,max(70px,20svh)))]\" dir=\"auto\" tabindex=\"-1\" data-turn-id=\"request-WEB:9bd44c85-7cac-4ef7-a173-1c704cc1da91-5\" data-testid=\"conversation-turn-8\" data-scroll-anchor=\"true\" data-turn=\"assistant\"><div class=\"text-base my-auto mx-auto pb-10 [--thread-content-margin:--spacing(4)] @w-sm\/main:[--thread-content-margin:--spacing(6)] @w-lg\/main:[--thread-content-margin:--spacing(16)] px-(--thread-content-margin)\"><div class=\"[--thread-content-max-width:40rem] @w-lg\/main:[--thread-content-max-width:48rem] mx-auto max-w-(--thread-content-max-width) flex-1 group\/turn-messages focus-visible:outline-hidden relative flex w-full min-w-0 flex-col agent-turn\" tabindex=\"-1\"><div class=\"flex max-w-full flex-col grow\"><div class=\"min-h-8 text-message relative flex w-full flex-col items-end gap-2 text-start break-words whitespace-normal [.text-message+&amp;]:mt-1\" dir=\"auto\" data-message-author-role=\"assistant\" data-message-id=\"a5f23a40-4539-4d35-bd60-eb737065b9a9\" data-message-model-slug=\"gpt-5-2\"><div class=\"flex w-full flex-col gap-1 empty:hidden first:pt-[1px]\"><div class=\"markdown prose dark:prose-invert w-full wrap-break-word dark markdown-new-styling\"><p data-start=\"1252\" data-end=\"1441\" data-is-last-node=\"\" data-is-only-node=\"\">Ne bucur\u0103m c\u0103 am putut lua parte la un eveniment de asemenea anvergur\u0103, demonstr\u00e2nd \u00eenc\u0103 o dat\u0103 capacitatea noastr\u0103 de a gestiona cu succes evenimente interna\u021bionale la cel mai \u00eenalt nivel.<\/p><\/div><\/div><\/div><\/div><div class=\"z-0 flex min-h-[46px] justify-start\">\u00a0<\/div><div class=\"mt-3 w-full empty:hidden\"><div class=\"text-center\">\u00a0<\/div><\/div><\/div><\/div><\/article><\/div><div class=\"pointer-events-none h-px w-px absolute bottom-0\" aria-hidden=\"true\" data-edge=\"true\">\u00a0<\/div>\t\t\t\t\t\t\t\t<\/div>\n\t\t\t\t\t<\/div>\n\t\t<\/div>\n\t\t\t\t\t<\/div>\n\t\t<\/div>\n\t\t\t\t<\/div>\n\t\t","protected":false},"excerpt":{"rendered":"<p>Am asigurat solu\u021bii complete de traducere simultan\u0103 \u0219i sonorizare pentru Reuniunea \u0219efilor de guverne GUAM 2018, contribuind la o comunicare eficient\u0103 \u0219i profesionist\u0103 \u00eentre delega\u021biile guvernamentale participante.<\/p>","protected":false},"author":1,"featured_media":9806,"comment_status":"open","ping_status":"open","sticky":false,"template":"","format":"standard","meta":{"_acf_changed":false,"footnotes":""},"categories":[27],"tags":[35,40,41,39,42],"class_list":["post-9420","post","type-post","status-publish","format-standard","has-post-thumbnail","hentry","category-evenimente","tag-chisinau","tag-guam","tag-guvern","tag-politica","tag-reuniune"],"acf":[],"yoast_head":"<!-- This site is optimized with the Yoast SEO Premium plugin v26.8 (Yoast SEO v28.1) - https:\/\/yoast.com\/product\/yoast-seo-premium-wordpress\/ -->\n<title>Reuniunea \u0219efilor de guverne GUAM 2018 | Intart Design<\/title>\n<meta name=\"robots\" content=\"index, follow, max-snippet:-1, max-image-preview:large, max-video-preview:-1\" \/>\n<link rel=\"canonical\" href=\"https:\/\/intart.md\/en\/reuniunea-sefilor-de-guverne-guam-2018\/\" \/>\n<meta property=\"og:locale\" content=\"en_GB\" \/>\n<meta property=\"og:type\" content=\"article\" \/>\n<meta property=\"og:title\" content=\"Reuniunea \u0219efilor de guverne GUAM 2018\" \/>\n<meta property=\"og:description\" content=\"Am asigurat solu\u021bii complete de traducere simultan\u0103 \u0219i sonorizare pentru Reuniunea \u0219efilor de guverne GUAM 2018, contribuind la o comunicare eficient\u0103 \u0219i profesionist\u0103 \u00eentre delega\u021biile guvernamentale participante.\" \/>\n<meta property=\"og:url\" content=\"https:\/\/intart.md\/en\/reuniunea-sefilor-de-guverne-guam-2018\/\" \/>\n<meta property=\"og:site_name\" content=\"Intart Design\" \/>\n<meta property=\"article:publisher\" content=\"https:\/\/www.facebook.com\/IntartTanslations\/\" \/>\n<meta property=\"article:published_time\" content=\"2018-10-05T09:00:49+00:00\" \/>\n<meta property=\"article:modified_time\" content=\"2026-05-04T13:56:11+00:00\" \/>\n<meta property=\"og:image\" content=\"https:\/\/intart.md\/wp-content\/uploads\/2021\/06\/AIEnhancer_poster-guam-scaled.webp\" \/>\n\t<meta property=\"og:image:width\" content=\"2560\" \/>\n\t<meta property=\"og:image:height\" content=\"2405\" \/>\n\t<meta property=\"og:image:type\" content=\"image\/webp\" \/>\n<meta name=\"author\" content=\"intartdesignsrl@gmail.com\" \/>\n<meta name=\"twitter:card\" content=\"summary_large_image\" \/>\n<meta name=\"twitter:label1\" content=\"Written by\" \/>\n\t<meta name=\"twitter:data1\" content=\"intartdesignsrl@gmail.com\" \/>\n\t<meta name=\"twitter:label2\" content=\"Estimated reading time\" \/>\n\t<meta name=\"twitter:data2\" content=\"1 minute\" \/>\n<script type=\"application\/ld+json\" class=\"yoast-schema-graph\">{\"@context\":\"https:\\\/\\\/schema.org\",\"@graph\":[{\"@type\":\"Article\",\"@id\":\"https:\\\/\\\/intart.md\\\/reuniunea-sefilor-de-guverne-guam-2018\\\/#article\",\"isPartOf\":{\"@id\":\"https:\\\/\\\/intart.md\\\/reuniunea-sefilor-de-guverne-guam-2018\\\/\"},\"author\":{\"name\":\"intartdesignsrl@gmail.com\",\"@id\":\"https:\\\/\\\/intart.md\\\/#\\\/schema\\\/person\\\/4e50e44bd5af4b0a9f284d869223f6a1\"},\"headline\":\"Reuniunea \u0219efilor de guverne GUAM 2018\",\"datePublished\":\"2018-10-05T09:00:49+00:00\",\"dateModified\":\"2026-05-04T13:56:11+00:00\",\"mainEntityOfPage\":{\"@id\":\"https:\\\/\\\/intart.md\\\/reuniunea-sefilor-de-guverne-guam-2018\\\/\"},\"wordCount\":212,\"commentCount\":0,\"publisher\":{\"@id\":\"https:\\\/\\\/intart.md\\\/#organization\"},\"image\":{\"@id\":\"https:\\\/\\\/intart.md\\\/reuniunea-sefilor-de-guverne-guam-2018\\\/#primaryimage\"},\"thumbnailUrl\":\"https:\\\/\\\/intart.md\\\/wp-content\\\/uploads\\\/2021\\\/06\\\/AIEnhancer_poster-guam-scaled.webp\",\"keywords\":[\"Chi\u0219in\u0103u\",\"GUAM\",\"Guvern\",\"Politic\u0103\",\"Reuniune\"],\"articleSection\":[\"Evenimente\"],\"inLanguage\":\"en-GB\",\"potentialAction\":[{\"@type\":\"CommentAction\",\"name\":\"Comment\",\"target\":[\"https:\\\/\\\/intart.md\\\/reuniunea-sefilor-de-guverne-guam-2018\\\/#respond\"]}]},{\"@type\":\"WebPage\",\"@id\":\"https:\\\/\\\/intart.md\\\/reuniunea-sefilor-de-guverne-guam-2018\\\/\",\"url\":\"https:\\\/\\\/intart.md\\\/reuniunea-sefilor-de-guverne-guam-2018\\\/\",\"name\":\"Reuniunea \u0219efilor de guverne GUAM 2018 | Intart Design\",\"isPartOf\":{\"@id\":\"https:\\\/\\\/intart.md\\\/#website\"},\"primaryImageOfPage\":{\"@id\":\"https:\\\/\\\/intart.md\\\/reuniunea-sefilor-de-guverne-guam-2018\\\/#primaryimage\"},\"image\":{\"@id\":\"https:\\\/\\\/intart.md\\\/reuniunea-sefilor-de-guverne-guam-2018\\\/#primaryimage\"},\"thumbnailUrl\":\"https:\\\/\\\/intart.md\\\/wp-content\\\/uploads\\\/2021\\\/06\\\/AIEnhancer_poster-guam-scaled.webp\",\"datePublished\":\"2018-10-05T09:00:49+00:00\",\"dateModified\":\"2026-05-04T13:56:11+00:00\",\"breadcrumb\":{\"@id\":\"https:\\\/\\\/intart.md\\\/reuniunea-sefilor-de-guverne-guam-2018\\\/#breadcrumb\"},\"inLanguage\":\"en-GB\",\"potentialAction\":[{\"@type\":\"ReadAction\",\"target\":[\"https:\\\/\\\/intart.md\\\/reuniunea-sefilor-de-guverne-guam-2018\\\/\"]}]},{\"@type\":\"ImageObject\",\"inLanguage\":\"en-GB\",\"@id\":\"https:\\\/\\\/intart.md\\\/reuniunea-sefilor-de-guverne-guam-2018\\\/#primaryimage\",\"url\":\"https:\\\/\\\/intart.md\\\/wp-content\\\/uploads\\\/2021\\\/06\\\/AIEnhancer_poster-guam-scaled.webp\",\"contentUrl\":\"https:\\\/\\\/intart.md\\\/wp-content\\\/uploads\\\/2021\\\/06\\\/AIEnhancer_poster-guam-scaled.webp\",\"width\":2560,\"height\":2405},{\"@type\":\"BreadcrumbList\",\"@id\":\"https:\\\/\\\/intart.md\\\/reuniunea-sefilor-de-guverne-guam-2018\\\/#breadcrumb\",\"itemListElement\":[{\"@type\":\"ListItem\",\"position\":1,\"name\":\"Home\",\"item\":\"https:\\\/\\\/intart.md\\\/\"},{\"@type\":\"ListItem\",\"position\":2,\"name\":\"Reuniunea \u0219efilor de guverne GUAM 2018\"}]},{\"@type\":\"WebSite\",\"@id\":\"https:\\\/\\\/intart.md\\\/#website\",\"url\":\"https:\\\/\\\/intart.md\\\/\",\"name\":\"Intart Design\",\"description\":\"\",\"publisher\":{\"@id\":\"https:\\\/\\\/intart.md\\\/#organization\"},\"potentialAction\":[{\"@type\":\"SearchAction\",\"target\":{\"@type\":\"EntryPoint\",\"urlTemplate\":\"https:\\\/\\\/intart.md\\\/?s={search_term_string}\"},\"query-input\":{\"@type\":\"PropertyValueSpecification\",\"valueRequired\":true,\"valueName\":\"search_term_string\"}}],\"inLanguage\":\"en-GB\"},{\"@type\":\"Organization\",\"@id\":\"https:\\\/\\\/intart.md\\\/#organization\",\"name\":\"Intart Design\",\"url\":\"https:\\\/\\\/intart.md\\\/\",\"logo\":{\"@type\":\"ImageObject\",\"inLanguage\":\"en-GB\",\"@id\":\"https:\\\/\\\/intart.md\\\/#\\\/schema\\\/logo\\\/image\\\/\",\"url\":\"https:\\\/\\\/intart.md\\\/wp-content\\\/uploads\\\/2026\\\/01\\\/cropped-cropped-facebook-equipment-1-scaled-1-2048x341-1.png\",\"contentUrl\":\"https:\\\/\\\/intart.md\\\/wp-content\\\/uploads\\\/2026\\\/01\\\/cropped-cropped-facebook-equipment-1-scaled-1-2048x341-1.png\",\"width\":258,\"height\":250,\"caption\":\"Intart Design\"},\"image\":{\"@id\":\"https:\\\/\\\/intart.md\\\/#\\\/schema\\\/logo\\\/image\\\/\"},\"sameAs\":[\"https:\\\/\\\/www.facebook.com\\\/IntartTanslations\\\/\"]},{\"@type\":\"Person\",\"@id\":\"https:\\\/\\\/intart.md\\\/#\\\/schema\\\/person\\\/4e50e44bd5af4b0a9f284d869223f6a1\",\"name\":\"intartdesignsrl@gmail.com\",\"image\":{\"@type\":\"ImageObject\",\"inLanguage\":\"en-GB\",\"@id\":\"https:\\\/\\\/secure.gravatar.com\\\/avatar\\\/bb5c03bb3635860f56e71e3965cfcc73798d84ebe3cb6406defcf3a69a8b100a?s=96&d=mm&r=g\",\"url\":\"https:\\\/\\\/secure.gravatar.com\\\/avatar\\\/bb5c03bb3635860f56e71e3965cfcc73798d84ebe3cb6406defcf3a69a8b100a?s=96&d=mm&r=g\",\"contentUrl\":\"https:\\\/\\\/secure.gravatar.com\\\/avatar\\\/bb5c03bb3635860f56e71e3965cfcc73798d84ebe3cb6406defcf3a69a8b100a?s=96&d=mm&r=g\",\"caption\":\"intartdesignsrl@gmail.com\"},\"sameAs\":[\"https:\\\/\\\/intart.md\"],\"url\":\"https:\\\/\\\/intart.md\\\/en\\\/author\\\/intartdesignsrlgmail-com\\\/\"}]}<\/script>\n<!-- \/ Yoast SEO Premium plugin. -->","yoast_head_json":{"title":"Reuniunea \u0219efilor de guverne GUAM 2018 | Intart Design","robots":{"index":"index","follow":"follow","max-snippet":"max-snippet:-1","max-image-preview":"max-image-preview:large","max-video-preview":"max-video-preview:-1"},"canonical":"https:\/\/intart.md\/en\/reuniunea-sefilor-de-guverne-guam-2018\/","og_locale":"en_GB","og_type":"article","og_title":"Reuniunea \u0219efilor de guverne GUAM 2018","og_description":"Am asigurat solu\u021bii complete de traducere simultan\u0103 \u0219i sonorizare pentru Reuniunea \u0219efilor de guverne GUAM 2018, contribuind la o comunicare eficient\u0103 \u0219i profesionist\u0103 \u00eentre delega\u021biile guvernamentale participante.","og_url":"https:\/\/intart.md\/en\/reuniunea-sefilor-de-guverne-guam-2018\/","og_site_name":"Intart Design","article_publisher":"https:\/\/www.facebook.com\/IntartTanslations\/","article_published_time":"2018-10-05T09:00:49+00:00","article_modified_time":"2026-05-04T13:56:11+00:00","og_image":[{"width":2560,"height":2405,"url":"https:\/\/intart.md\/wp-content\/uploads\/2021\/06\/AIEnhancer_poster-guam-scaled.webp","type":"image\/webp"}],"author":"intartdesignsrl@gmail.com","twitter_card":"summary_large_image","twitter_misc":{"Written by":"intartdesignsrl@gmail.com","Estimated reading time":"1 minute"},"schema":{"@context":"https:\/\/schema.org","@graph":[{"@type":"Article","@id":"https:\/\/intart.md\/reuniunea-sefilor-de-guverne-guam-2018\/#article","isPartOf":{"@id":"https:\/\/intart.md\/reuniunea-sefilor-de-guverne-guam-2018\/"},"author":{"name":"intartdesignsrl@gmail.com","@id":"https:\/\/intart.md\/#\/schema\/person\/4e50e44bd5af4b0a9f284d869223f6a1"},"headline":"Reuniunea \u0219efilor de guverne GUAM 2018","datePublished":"2018-10-05T09:00:49+00:00","dateModified":"2026-05-04T13:56:11+00:00","mainEntityOfPage":{"@id":"https:\/\/intart.md\/reuniunea-sefilor-de-guverne-guam-2018\/"},"wordCount":212,"commentCount":0,"publisher":{"@id":"https:\/\/intart.md\/#organization"},"image":{"@id":"https:\/\/intart.md\/reuniunea-sefilor-de-guverne-guam-2018\/#primaryimage"},"thumbnailUrl":"https:\/\/intart.md\/wp-content\/uploads\/2021\/06\/AIEnhancer_poster-guam-scaled.webp","keywords":["Chi\u0219in\u0103u","GUAM","Guvern","Politic\u0103","Reuniune"],"articleSection":["Evenimente"],"inLanguage":"en-GB","potentialAction":[{"@type":"CommentAction","name":"Comment","target":["https:\/\/intart.md\/reuniunea-sefilor-de-guverne-guam-2018\/#respond"]}]},{"@type":"WebPage","@id":"https:\/\/intart.md\/reuniunea-sefilor-de-guverne-guam-2018\/","url":"https:\/\/intart.md\/reuniunea-sefilor-de-guverne-guam-2018\/","name":"Reuniunea \u0219efilor de guverne GUAM 2018 | Intart Design","isPartOf":{"@id":"https:\/\/intart.md\/#website"},"primaryImageOfPage":{"@id":"https:\/\/intart.md\/reuniunea-sefilor-de-guverne-guam-2018\/#primaryimage"},"image":{"@id":"https:\/\/intart.md\/reuniunea-sefilor-de-guverne-guam-2018\/#primaryimage"},"thumbnailUrl":"https:\/\/intart.md\/wp-content\/uploads\/2021\/06\/AIEnhancer_poster-guam-scaled.webp","datePublished":"2018-10-05T09:00:49+00:00","dateModified":"2026-05-04T13:56:11+00:00","breadcrumb":{"@id":"https:\/\/intart.md\/reuniunea-sefilor-de-guverne-guam-2018\/#breadcrumb"},"inLanguage":"en-GB","potentialAction":[{"@type":"ReadAction","target":["https:\/\/intart.md\/reuniunea-sefilor-de-guverne-guam-2018\/"]}]},{"@type":"ImageObject","inLanguage":"en-GB","@id":"https:\/\/intart.md\/reuniunea-sefilor-de-guverne-guam-2018\/#primaryimage","url":"https:\/\/intart.md\/wp-content\/uploads\/2021\/06\/AIEnhancer_poster-guam-scaled.webp","contentUrl":"https:\/\/intart.md\/wp-content\/uploads\/2021\/06\/AIEnhancer_poster-guam-scaled.webp","width":2560,"height":2405},{"@type":"BreadcrumbList","@id":"https:\/\/intart.md\/reuniunea-sefilor-de-guverne-guam-2018\/#breadcrumb","itemListElement":[{"@type":"ListItem","position":1,"name":"Home","item":"https:\/\/intart.md\/"},{"@type":"ListItem","position":2,"name":"Reuniunea \u0219efilor de guverne GUAM 2018"}]},{"@type":"WebSite","@id":"https:\/\/intart.md\/#website","url":"https:\/\/intart.md\/","name":"Intart Design","description":"","publisher":{"@id":"https:\/\/intart.md\/#organization"},"potentialAction":[{"@type":"SearchAction","target":{"@type":"EntryPoint","urlTemplate":"https:\/\/intart.md\/?s={search_term_string}"},"query-input":{"@type":"PropertyValueSpecification","valueRequired":true,"valueName":"search_term_string"}}],"inLanguage":"en-GB"},{"@type":"Organization","@id":"https:\/\/intart.md\/#organization","name":"Intart Design","url":"https:\/\/intart.md\/","logo":{"@type":"ImageObject","inLanguage":"en-GB","@id":"https:\/\/intart.md\/#\/schema\/logo\/image\/","url":"https:\/\/intart.md\/wp-content\/uploads\/2026\/01\/cropped-cropped-facebook-equipment-1-scaled-1-2048x341-1.png","contentUrl":"https:\/\/intart.md\/wp-content\/uploads\/2026\/01\/cropped-cropped-facebook-equipment-1-scaled-1-2048x341-1.png","width":258,"height":250,"caption":"Intart Design"},"image":{"@id":"https:\/\/intart.md\/#\/schema\/logo\/image\/"},"sameAs":["https:\/\/www.facebook.com\/IntartTanslations\/"]},{"@type":"Person","@id":"https:\/\/intart.md\/#\/schema\/person\/4e50e44bd5af4b0a9f284d869223f6a1","name":"intartdesignsrl@gmail.com","image":{"@type":"ImageObject","inLanguage":"en-GB","@id":"https:\/\/secure.gravatar.com\/avatar\/bb5c03bb3635860f56e71e3965cfcc73798d84ebe3cb6406defcf3a69a8b100a?s=96&d=mm&r=g","url":"https:\/\/secure.gravatar.com\/avatar\/bb5c03bb3635860f56e71e3965cfcc73798d84ebe3cb6406defcf3a69a8b100a?s=96&d=mm&r=g","contentUrl":"https:\/\/secure.gravatar.com\/avatar\/bb5c03bb3635860f56e71e3965cfcc73798d84ebe3cb6406defcf3a69a8b100a?s=96&d=mm&r=g","caption":"intartdesignsrl@gmail.com"},"sameAs":["https:\/\/intart.md"],"url":"https:\/\/intart.md\/en\/author\/intartdesignsrlgmail-com\/"}]}},"_links":{"self":[{"href":"https:\/\/intart.md\/en\/wp-json\/wp\/v2\/posts\/9420","targetHints":{"allow":["GET"]}}],"collection":[{"href":"https:\/\/intart.md\/en\/wp-json\/wp\/v2\/posts"}],"about":[{"href":"https:\/\/intart.md\/en\/wp-json\/wp\/v2\/types\/post"}],"author":[{"embeddable":true,"href":"https:\/\/intart.md\/en\/wp-json\/wp\/v2\/users\/1"}],"replies":[{"embeddable":true,"href":"https:\/\/intart.md\/en\/wp-json\/wp\/v2\/comments?post=9420"}],"version-history":[{"count":0,"href":"https:\/\/intart.md\/en\/wp-json\/wp\/v2\/posts\/9420\/revisions"}],"wp:featuredmedia":[{"embeddable":true,"href":"https:\/\/intart.md\/en\/wp-json\/wp\/v2\/media\/9806"}],"wp:attachment":[{"href":"https:\/\/intart.md\/en\/wp-json\/wp\/v2\/media?parent=9420"}],"wp:term":[{"taxonomy":"category","embeddable":true,"href":"https:\/\/intart.md\/en\/wp-json\/wp\/v2\/categories?post=9420"},{"taxonomy":"post_tag","embeddable":true,"href":"https:\/\/intart.md\/en\/wp-json\/wp\/v2\/tags?post=9420"}],"curies":[{"name":"wp","href":"https:\/\/api.w.org\/{rel}","templated":true}]}}